{"id":2276,"date":"2025-08-05T03:21:49","date_gmt":"2025-08-05T01:21:49","guid":{"rendered":"https:\/\/weballiance.transport-manager.net\/kegrolis\/?p=2276"},"modified":"2026-08-05T03:21:52","modified_gmt":"2026-08-05T01:21:52","slug":"innovacio-a-kozossegi-terek-kialakitasaban-a-jovo-iranyai-es-lehetosegei","status":"publish","type":"post","link":"https:\/\/weballiance.transport-manager.net\/kegrolis\/2025\/08\/05\/innovacio-a-kozossegi-terek-kialakitasaban-a-jovo-iranyai-es-lehetosegei\/","title":{"rendered":"Innov\u00e1ci\u00f3 a k\u00f6z\u00f6ss\u00e9gi terek kialak\u00edt\u00e1s\u00e1ban: A j\u00f6v\u0151 ir\u00e1nyai \u00e9s lehet\u0151s\u00e9gei"},"content":{"rendered":"<p>Az ut\u00f3bbi \u00e9vekben a v\u00e1rosi \u00e9s lak\u00f3k\u00f6z\u00f6ss\u00e9gek fejl\u0151d\u00e9se egyre ink\u00e1bb arra ir\u00e1nyul, hogy a fizikai \u00e9s digit\u00e1lis k\u00f6z\u00f6ss\u00e9gi terek harmonikus egys\u00e9get alkossanak, amelyek t\u00e1mogatj\u00e1k a k\u00f6z\u00f6ss\u00e9gek fenntarthat\u00f3s\u00e1g\u00e1t, j\u00f3l\u00e9t\u00e9t \u00e9s innov\u00e1ci\u00f3j\u00e1t. A technol\u00f3giai fejl\u0151d\u00e9s, az \u00e9p\u00edt\u00e9szeti trendek \u00e9s a t\u00e1rsadalmi elv\u00e1r\u00e1sok v\u00e1ltoz\u00e1sa mind szerepet j\u00e1tszanak ebben a folyamatban. Ebben a cikkben megvizsg\u00e1ljuk, hogyan form\u00e1lj\u00e1k a modern k\u00f6z\u00f6ss\u00e9gi terek a j\u00f6v\u0151t, \u00e9s milyen szerepet t\u00f6ltenek be azok, amelyek intelligens tervez\u00e9si elemeket \u00e9s innovat\u00edv megold\u00e1sokat egyes\u00edtenek, p\u00e9ld\u00e1ul a <a href=\"https:\/\/skyhills-hu.com\/\">skyhills<\/a> platform seg\u00edts\u00e9g\u00e9vel.<\/p>\n<h2>A modern k\u00f6z\u00f6ss\u00e9gi terek tendenci\u00e1i \u00e9s kih\u00edv\u00e1sai<\/h2>\n<p>Az urbaniz\u00e1ci\u00f3 gyors \u00fcteme \u00e9s a digit\u00e1lis forradalom egy\u00fcttes hat\u00e1s\u00e1ra megv\u00e1ltoztak a k\u00f6z\u00f6ss\u00e9gi t\u00e9rrel kapcsolatos elv\u00e1r\u00e1sok. Az emberek nemcsak t\u00e1rsadalmi kapcsolataikat k\u00edv\u00e1nj\u00e1k meger\u0151s\u00edteni, hanem egy\u00e9ni boldogs\u00e1gukat \u00e9s k\u00f6rnyezet\u00fck fenntarthat\u00f3s\u00e1g\u00e1t is. Ez a kih\u00edv\u00e1s a tervez\u0151ket \u00e9s v\u00e1rostervez\u0151ket egyar\u00e1nt arra \u00f6szt\u00f6nzi, hogy kreat\u00edv \u00e9s innovat\u00edv megold\u00e1sokat keressenek.<\/p>\n<blockquote><p>\n\u00ab\u00a0A j\u00f6v\u0151 k\u00f6z\u00f6ss\u00e9gi terei az intelligens technol\u00f3gi\u00e1val \u00e9s fenntarthat\u00f3 diz\u00e1jnnal ell\u00e1tott k\u00f6rnyezetek, amelyek \u00f6sszek\u00f6tik a lakoss\u00e1got \u00e9s lehet\u0151s\u00e9get adnak a k\u00f6z\u00f6s fejl\u0151d\u00e9sre.\u00a0\u00bb\n<\/p><\/blockquote>\n<h2>Intelligens tervez\u00e9si elemek \u00e9s digitaliz\u00e1ci\u00f3<\/h2>\n<p>Az egyik kiemelked\u0151 trend a digit\u00e1lis integr\u00e1ci\u00f3 \u00e9s az \u00fagynevezett okosv\u00e1rosi megold\u00e1sok alkalmaz\u00e1sa. Az automatikus vil\u00e1g\u00edt\u00e1s, szelekt\u00edv hullad\u00e9kgy\u0171jt\u00e9s, z\u00f6ld energiaforr\u00e1sok vagy \u00e9ppen a k\u00f6z\u00f6ss\u00e9gi platformok \u00f6sszekapcsol\u00e1sa mind hozz\u00e1j\u00e1rul az \u00e9lhet\u0151bb terek kialak\u00edt\u00e1s\u00e1hoz. \u00c1m a siker kulcsa saj\u00e1tos terek \u00e9s k\u00f6z\u00f6ss\u00e9gi pontok kialak\u00edt\u00e1sa, melyek nem csup\u00e1n technol\u00f3giai sz\u00ednpadk\u00e9nt m\u0171k\u00f6dnek, hanem val\u00f3di k\u00f6z\u00f6ss\u00e9g\u00e9p\u00edt\u0151 k\u00f6zpontokk\u00e1 v\u00e1lnak.<\/p>\n<h2>A fenntarthat\u00f3s\u00e1g szerepe \u00e9s a k\u00f6rnyezetbar\u00e1t tervez\u00e9s<\/h2>\n<p>Fenntarthat\u00f3s\u00e1g n\u00e9lk\u00fcl nem besz\u00e9lhet\u00fcnk a j\u00f6v\u0151\u00e9rt val\u00f3 felel\u0151ss\u00e9gr\u0151l. Az energiatakar\u00e9kos anyagok, z\u00f6ld tet\u0151k, v\u00edzvisszatart\u00f3 rendszerek \u00e9s v\u00e1rosk\u00f6zponti z\u00f6ldter\u00fcletek mind fontos szerepet t\u00f6ltenek be. A itthon is egyre ismertebb\u00e9 v\u00e1l\u00f3 innovat\u00edv megold\u00e1sok, mint p\u00e9ld\u00e1ul az \u00f6ko-l\u00e9gterek vagy az integr\u00e1lt z\u00f6ldfel\u00fcletek, hozz\u00e1j\u00e1rulnak a tiszt\u00e1bb, \u00e9lhet\u0151bb v\u00e1rosi k\u00f6rnyezethez.<\/p>\n<h2>Az inkluzivit\u00e1s \u00e9s a k\u00f6z\u00f6ss\u00e9gi k\u00f6zpontok j\u00f6v\u0151je<\/h2>\n<p>Hat\u00e9kony k\u00f6z\u00f6ss\u00e9gi terek kialak\u00edt\u00e1s\u00e1n\u00e1l nem szabad figyelmen k\u00edv\u00fcl hagyni az inkluzivit\u00e1s k\u00e9rd\u00e9s\u00e9t. A hozz\u00e1f\u00e9rhet\u0151 \u00e9s befogad\u00f3 terek t\u00e1mogatj\u00e1k a k\u00fcl\u00f6nb\u00f6z\u0151 gener\u00e1ci\u00f3kat, fogyat\u00e9koss\u00e1ggal \u00e9l\u0151ket \u00e9s kultur\u00e1lis csoportokat. A digit\u00e1lis platformok, mint p\u00e9ld\u00e1ul a skyhills seg\u00edtik a k\u00f6z\u00f6ss\u00e9gek szervez\u00e9s\u00e9t, a kommunik\u00e1ci\u00f3t \u00e9s az esem\u00e9nyszervez\u00e9st, \u00edgy er\u0151s\u00edtve a t\u00e1rsadalmi koh\u00e9zi\u00f3t, \u00e9s \u00faj lehet\u0151s\u00e9geket nyitva az emberek k\u00f6zti interakci\u00f3kra.<\/p>\n<h2>Az innovat\u00edv k\u00f6z\u00f6ss\u00e9gi terek \u00f6sszegz\u00e9se \u00e9s a j\u00f6v\u0151 kil\u00e1t\u00e1sai<\/h2>\n<table>\n<thead>\n<tr style=\"background-color:#ecf0f1\">\n<th>Fejleszt\u00e9si ter\u00fclet<\/th>\n<th>Jelenlegi trendek<\/th>\n<th>Kih\u00edv\u00e1sok<\/th>\n<p>&lt;thlehets\u00e9ges megold\u00e1sok<br \/>\n<\/tr>\n<\/thead>\n<tbody>\n<tr>\n<td>Technol\u00f3gia integr\u00e1ci\u00f3<\/td>\n<td>Okos v\u00e1rosi rendszerek, applik\u00e1ci\u00f3k<\/td>\n<td>Adatv\u00e9delmi k\u00e9rd\u00e9sek, technol\u00f3giai elavul\u00e1s<\/td>\n<td>Fokozott adatbiztons\u00e1g, folyamatos fejl\u0151d\u00e9s<\/td>\n<\/tr>\n<tr>\n<td>Z\u00f6ld fel\u00fcletek kialak\u00edt\u00e1sa<\/td>\n<td>Z\u00f6ldtet\u0151k, parkok<\/td>\n<td>K\u00f6lts\u00e9gek, fenntarthat\u00f3 forr\u00e1sok hi\u00e1nya<\/td>\n<td>Tags\u00e1gi t\u00e1mogat\u00e1si form\u00e1k, p\u00e1ly\u00e1zatok<\/td>\n<\/tr>\n<tr>\n<td>K\u00f6z\u00f6ss\u00e9g\u00e9p\u00edt\u0151 programok<\/td>\n<td>Online \u00e9s offline esem\u00e9nyek<\/td>\n<td>Szoci\u00e1lis koh\u00e9zi\u00f3 hi\u00e1nya<\/td>\n<td>Interakt\u00edv platformok \u00e9s t\u00e1rsadalmi esem\u00e9nyek<\/td>\n<\/tr>\n<\/tbody>\n<\/table>\n<p style=\"margin-top:40px\">Az **skyhills** platform kiemelked\u0151 p\u00e9ld\u00e1ja annak, hogyan lehet a modern technol\u00f3gi\u00e1val \u00e9s kreat\u00edv megold\u00e1sokkal t\u00e1mogatni a k\u00f6z\u00f6ss\u00e9gek fejl\u0151d\u00e9s\u00e9t. A komplex platform integr\u00e1lja az online k\u00f6z\u00f6ss\u00e9gi funkci\u00f3kat, a helyi esem\u00e9nyek szervez\u00e9s\u00e9t \u00e9s a fenntarthat\u00f3s\u00e1got hangs\u00falyoz\u00f3 megold\u00e1sokat, \u00edgy val\u00f3di \u00e9rt\u00e9ket adva a helyi k\u00f6z\u00f6ss\u00e9geknek.<\/p>\n<h2>Z\u00e1rsz\u00f3: A v\u00e1ltoz\u00f3 vil\u00e1g kih\u00edv\u00e1sai \u00e9s lehet\u0151s\u00e9gei<\/h2>\n<p>Az \u00e9p\u00edt\u00e9szet, a technol\u00f3gia \u00e9s a t\u00e1rsadalom \u00f6sszefon\u00f3d\u00e1sa \u00faj dimenzi\u00f3kat nyit a k\u00f6z\u00f6ss\u00e9gi terek kialak\u00edt\u00e1s\u00e1ban. Az innovat\u00edv \u00e9s fenntarthat\u00f3 megold\u00e1sok alkalmaz\u00e1s\u00e1val nem csup\u00e1n \u00e9lhet\u0151bb k\u00f6rnyezeteket hozhatunk l\u00e9tre, hanem meger\u0151s\u00edthetj\u00fck a t\u00e1rsadalmi \u00f6sszetartoz\u00e1st is. A siker kulcsa a holisztikus szeml\u00e9letben, a r\u00e9szletes tervez\u00e9sben \u00e9s a k\u00f6z\u00f6ss\u00e9gekkel val\u00f3 folyamatos p\u00e1rbesz\u00e9dben rejlik \u2013 ahol a skyhills p\u00e9ld\u00e1ja is inspir\u00e1l\u00f3 lehet a j\u00f6v\u0151 terveinek megval\u00f3s\u00edt\u00e1s\u00e1ban.<\/p>\n","protected":false},"excerpt":{"rendered":"<p>Az ut\u00f3bbi \u00e9vekben a v\u00e1rosi \u00e9s lak\u00f3k\u00f6z\u00f6ss\u00e9gek fejl\u0151d\u00e9se egyre ink\u00e1bb arra ir\u00e1nyul, hogy a fizikai \u00e9s digit\u00e1lis k\u00f6z\u00f6ss\u00e9gi terek harmonikus egys\u00e9get alkossanak, amelyek t\u00e1mogatj\u00e1k a k\u00f6z\u00f6ss\u00e9gek fenntarthat\u00f3s\u00e1g\u00e1t, j\u00f3l\u00e9t\u00e9t \u00e9s innov\u00e1ci\u00f3j\u00e1t. A technol\u00f3giai fejl\u0151d\u00e9s, az \u00e9p\u00edt\u00e9szeti trendek \u00e9s a t\u00e1rsadalmi elv\u00e1r\u00e1sok v\u00e1ltoz\u00e1sa mind szerepet j\u00e1tszanak ebben a folyamatban. Ebben a cikkben megvizsg\u00e1ljuk, hogyan form\u00e1lj\u00e1k a modern&hellip;&nbsp;<a href=\"https:\/\/weballiance.transport-manager.net\/kegrolis\/2025\/08\/05\/innovacio-a-kozossegi-terek-kialakitasaban-a-jovo-iranyai-es-lehetosegei\/\" rel=\"bookmark\">Lire la suite &raquo;<span class=\"screen-reader-text\">Innov\u00e1ci\u00f3 a k\u00f6z\u00f6ss\u00e9gi terek kialak\u00edt\u00e1s\u00e1ban: A j\u00f6v\u0151 ir\u00e1nyai \u00e9s lehet\u0151s\u00e9gei<\/span><\/a><\/p>\n","protected":false},"author":4,"featured_media":0,"comment_status":"open","ping_status":"open","sticky":false,"template":"","format":"standard","meta":{"neve_meta_sidebar":"","neve_meta_container":"","neve_meta_enable_content_width":"","neve_meta_content_width":0,"neve_meta_title_alignment":"","neve_meta_author_avatar":"","neve_post_elements_order":"","neve_meta_disable_header":"","neve_meta_disable_footer":"","neve_meta_disable_title":"","footnotes":""},"categories":[1],"tags":[],"class_list":["post-2276","post","type-post","status-publish","format-standard","hentry","category-non-classe"],"_links":{"self":[{"href":"https:\/\/weballiance.transport-manager.net\/kegrolis\/wp-json\/wp\/v2\/posts\/2276","targetHints":{"allow":["GET"]}}],"collection":[{"href":"https:\/\/weballiance.transport-manager.net\/kegrolis\/wp-json\/wp\/v2\/posts"}],"about":[{"href":"https:\/\/weballiance.transport-manager.net\/kegrolis\/wp-json\/wp\/v2\/types\/post"}],"author":[{"embeddable":true,"href":"https:\/\/weballiance.transport-manager.net\/kegrolis\/wp-json\/wp\/v2\/users\/4"}],"replies":[{"embeddable":true,"href":"https:\/\/weballiance.transport-manager.net\/kegrolis\/wp-json\/wp\/v2\/comments?post=2276"}],"version-history":[{"count":1,"href":"https:\/\/weballiance.transport-manager.net\/kegrolis\/wp-json\/wp\/v2\/posts\/2276\/revisions"}],"predecessor-version":[{"id":2277,"href":"https:\/\/weballiance.transport-manager.net\/kegrolis\/wp-json\/wp\/v2\/posts\/2276\/revisions\/2277"}],"wp:attachment":[{"href":"https:\/\/weballiance.transport-manager.net\/kegrolis\/wp-json\/wp\/v2\/media?parent=2276"}],"wp:term":[{"taxonomy":"category","embeddable":true,"href":"https:\/\/weballiance.transport-manager.net\/kegrolis\/wp-json\/wp\/v2\/categories?post=2276"},{"taxonomy":"post_tag","embeddable":true,"href":"https:\/\/weballiance.transport-manager.net\/kegrolis\/wp-json\/wp\/v2\/tags?post=2276"}],"curies":[{"name":"wp","href":"https:\/\/api.w.org\/{rel}","templated":true}]}}