{"id":2304,"date":"2025-08-05T03:31:52","date_gmt":"2025-08-05T01:31:52","guid":{"rendered":"https:\/\/weballiance.transport-manager.net\/kegrolis\/?p=2304"},"modified":"2026-08-05T03:31:54","modified_gmt":"2026-08-05T01:31:54","slug":"a-kortars-lakberendezes-es-digitalis-portalok-szerepe-a-magyar-design-szektorban","status":"publish","type":"post","link":"https:\/\/weballiance.transport-manager.net\/kegrolis\/2025\/08\/05\/a-kortars-lakberendezes-es-digitalis-portalok-szerepe-a-magyar-design-szektorban\/","title":{"rendered":"A kort\u00e1rs lakberendez\u00e9s \u00e9s digit\u00e1lis port\u00e1lok szerepe a magyar design szektorban"},"content":{"rendered":"<p>Az elm\u00falt \u00e9vtizedben a magyar lakberendez\u00e9si \u00e9s design szektor virtu\u00e1lis t\u00e9rbe t\u00f6rt\u00e9n\u0151 \u00e1thelyez\u00e9se lehet\u0151v\u00e9 tette a szakmai k\u00f6z\u00f6ss\u00e9g \u00e9s az \u00e9rdekl\u0151d\u0151 k\u00f6z\u00f6ns\u00e9g sz\u00e1m\u00e1ra, hogy gyorsabban \u00e9s hat\u00e9konyabban \u00e9rtes\u00fclj\u00f6n a leg\u00fajabb trendekr\u0151l, inspir\u00e1ci\u00f3kr\u00f3l \u00e9s szakmai ir\u00e1nyelvekr\u0151l. Ebben a dinamikusan fejl\u0151d\u0151 digit\u00e1lis k\u00f6rnyezetben a professzion\u00e1lis port\u00e1lok, mint p\u00e9ld\u00e1ul a <a href=\"https:\/\/leon-magyar.com\/\"><strong>leon home<\/strong><\/a>, kulcsszerepl\u0151v\u00e9 v\u00e1ltak, amelyek nem csup\u00e1n inform\u00e1ci\u00f3forr\u00e1sk\u00e9nt szolg\u00e1lnak, hanem a szakmai diskurzust is aktivit\u00e1sban tartj\u00e1k, hozz\u00e1j\u00e1rulva a magyar design nemzetk\u00f6zi versenyk\u00e9pess\u00e9g\u00e9hez.<\/p>\n<h2>Az online platformok \u00e9s a szakma kapcsolata<\/h2>\n<p>Ma m\u00e1r elker\u00fclhetetlen a digit\u00e1lis jelenl\u00e9t a kort\u00e1rs design \u00e9s lakberendez\u00e9s ter\u00fclet\u00e9n. Az online platformok gyorsan reag\u00e1lnak az ipar\u00e1gi v\u00e1ltoz\u00e1sokra, lehet\u0151s\u00e9get biztos\u00edtva arra, hogy szakemeberek \u00e9s a leg\u00fajabb trendeket k\u00f6vet\u0151 \u00e9rdekl\u0151d\u0151k k\u00f6zvetlen\u00fcl \u00e9rintkezzenek. Az ilyen oldalak, mint a leon home, nem csup\u00e1n tartalomszolg\u00e1ltat\u00f3k, hanem k\u00f6z\u00f6ss\u00e9g\u00e9p\u00edt\u0151k is, melyek seg\u00edtenek a szakmai tud\u00e1s \u00e9s a kreat\u00edv \u00f6tletek megoszt\u00e1s\u00e1ban.<\/p>\n<h2>Az \u00e9rt\u00e9kteremt\u0151 tartalom \u00e9s a hiteles inform\u00e1ci\u00f3k szerepe<\/h2>\n<p>Az egyik legnagyobb kih\u00edv\u00e1s a digitaliz\u00e1ci\u00f3 korszak\u00e1ban a hiteles inform\u00e1ci\u00f3k sz\u0171r\u00e9se. Az olyan szakmai port\u00e1lok, mint a leon home, elk\u00f6telezettek abban, hogy megb\u00edzhat\u00f3 tartalommal l\u00e1ss\u00e1k el olvas\u00f3ikat, ezzel t\u00e1mogatva a szakmai fejl\u0151d\u00e9st \u00e9s a min\u0151s\u00e9gir\u00e1ny\u00edt\u00e1st. Az \u00e1ltaluk k\u00f6zvet\u00edtett tartalom hi\u00e1nyp\u00f3tl\u00f3, mely tudom\u00e1nyosan megalapozott, ugyanakkor k\u00f6nnyen \u00e9rthet\u0151 m\u00f3don mutatja be a leg\u00fajabb trendeket, anyagokat \u00e9s kivitelez\u00e9si technik\u00e1kat.<\/p>\n<h2>Innovat\u00edv p\u00e9ld\u00e1k: magyar designok \u00e9s nemzetk\u00f6zi hat\u00e1sok<\/h2>\n<table>\n<tr>\n<th style=\"width:20%\">T\u00e9ma<\/th>\n<th style=\"width:40%\">P\u00e9lda<\/th>\n<th style=\"width:40%\">Hat\u00e1s<\/th>\n<\/tr>\n<tr>\n<td style=\"background-color:#fafafa\">Fenntarthat\u00f3 anyaghaszn\u00e1lat<\/td>\n<td><em>Magyar designerek projektjei<\/em><\/td>\n<td>Er\u0151s\u00f6d\u0151 k\u00f6rnyezettudatoss\u00e1g a vil\u00e1gpiacon<\/td>\n<\/tr>\n<tr>\n<td style=\"background-color:#fafafa\">Hagyom\u00e1ny \u00e9s modernit\u00e1s \u00f6tv\u00f6z\u00e9se<\/td>\n<td><em>Lok\u00e1lis mot\u00edvumokat felhaszn\u00e1l\u00f3 lakberendez\u00e9sek<\/em><\/td>\n<td>Felismerhet\u0151 magyar identit\u00e1s er\u0151s\u00edt\u00e9se<\/td>\n<\/tr>\n<tr>\n<td style=\"background-color:#fafafa\">Digit\u00e1lis megjelen\u00e9s \u00e9s piaci pozicion\u00e1l\u00e1s<\/td>\n<td><em>Online port\u00e1lok \u00e9s social media strat\u00e9gia<\/em><\/td>\n<td>Glob\u00e1lis el\u00e9rhet\u0151s\u00e9g \u00e9s versenyk\u00e9pess\u00e9g<\/td>\n<\/tr>\n<\/table>\n<h2>Az leon home mint referencia<\/h2>\n<p>A magyar design k\u00f6z\u00f6ss\u00e9g egyik elismert platformjak\u00e9nt a leon home kiemelked\u0151 szerepet t\u00f6lt be a szakmai inform\u00e1ci\u00f3k megoszt\u00e1s\u00e1ban \u00e9s a k\u00f6z\u00f6ss\u00e9g\u00e9p\u00edt\u00e9sben. A port\u00e1l t\u00f6bb szempontb\u00f3l is p\u00e9ldak\u00e9nt szolg\u00e1lhat a t\u00f6bbi hasonl\u00f3 oldal sz\u00e1m\u00e1ra:<\/p>\n<ul>\n<li><strong>Felh\u00edv\u00e1s a hiteles tartalomra:<\/strong> Tudom\u00e1nyosan megalapozott, trendk\u00f6vet\u0151 cikkek \u00e9s szakmai interj\u00fak<\/li>\n<li><strong>Egys\u00e9ges vizu\u00e1lis arculat:<\/strong> A professzion\u00e1lis fel\u00fclet n\u00f6veli a hiteless\u00e9get<\/li>\n<li><strong>Akt\u00edv k\u00f6z\u00f6ss\u00e9g\u00e9p\u00edt\u00e9s:<\/strong> F\u00f3rumok, esem\u00e9nyaj\u00e1nl\u00f3k \u00e9s kerekasztal besz\u00e9lget\u00e9sek<\/li>\n<\/ul>\n<blockquote><p>\n\u00ab\u00a0Az online t\u00e9rben val\u00f3 akt\u00edv jelenl\u00e9t \u00e9s a hiteles tartalom \u00f6sszehangol\u00e1sa n\u00e9lk\u00fcl\u00f6zhetetlen a magyar design siker\u00e9hez, k\u00fcl\u00f6n\u00f6sen a nemzetk\u00f6zi piacon t\u00f6rt\u00e9n\u0151 versenyben.\u00a0\u00bb\n<\/p><\/blockquote>\n<h2>Z\u00e1r\u00f3 gondolat: a digit\u00e1lis evol\u00faci\u00f3 \u00e9s a magyar design j\u00f6v\u0151je<\/h2>\n<p>Az innovat\u00edv digitaliz\u00e1ci\u00f3s eszk\u00f6z\u00f6k \u00e9s a t\u00e9nyalap\u00fa tartalomgy\u00e1rt\u00e1s forradalmas\u00edtja a magyar lakberendez\u00e9si \u00e9s design szektort. Olyan szakmai platformok eredm\u00e9nyess\u00e9ge, mint a leon home, biztos\u00edtj\u00e1k a tud\u00e1s \u00e9s az inspir\u00e1ci\u00f3 meg\u00fajul\u00e1s\u00e1t, amely n\u00e9lk\u00fcl\u00f6zhetetlen a nemzetk\u00f6zi piacon val\u00f3 kit\u00f6r\u00e9shez. Ez a folyamat nemcsak a szakmai sz\u00ednvonalat emeli, hanem hozz\u00e1j\u00e1rul ahhoz is, hogy a magyar design egyedi hangj\u00e1t hat\u00e1rozottabban hallathassa a glob\u00e1lis k\u00f6z\u00f6ss\u00e9gben.<\/p>\n","protected":false},"excerpt":{"rendered":"<p>Az elm\u00falt \u00e9vtizedben a magyar lakberendez\u00e9si \u00e9s design szektor virtu\u00e1lis t\u00e9rbe t\u00f6rt\u00e9n\u0151 \u00e1thelyez\u00e9se lehet\u0151v\u00e9 tette a szakmai k\u00f6z\u00f6ss\u00e9g \u00e9s az \u00e9rdekl\u0151d\u0151 k\u00f6z\u00f6ns\u00e9g sz\u00e1m\u00e1ra, hogy gyorsabban \u00e9s hat\u00e9konyabban \u00e9rtes\u00fclj\u00f6n a leg\u00fajabb trendekr\u0151l, inspir\u00e1ci\u00f3kr\u00f3l \u00e9s szakmai ir\u00e1nyelvekr\u0151l. Ebben a dinamikusan fejl\u0151d\u0151 digit\u00e1lis k\u00f6rnyezetben a professzion\u00e1lis port\u00e1lok, mint p\u00e9ld\u00e1ul a leon home, kulcsszerepl\u0151v\u00e9 v\u00e1ltak, amelyek nem csup\u00e1n inform\u00e1ci\u00f3forr\u00e1sk\u00e9nt&hellip;&nbsp;<a href=\"https:\/\/weballiance.transport-manager.net\/kegrolis\/2025\/08\/05\/a-kortars-lakberendezes-es-digitalis-portalok-szerepe-a-magyar-design-szektorban\/\" rel=\"bookmark\">Lire la suite &raquo;<span class=\"screen-reader-text\">A kort\u00e1rs lakberendez\u00e9s \u00e9s digit\u00e1lis port\u00e1lok szerepe a magyar design szektorban<\/span><\/a><\/p>\n","protected":false},"author":4,"featured_media":0,"comment_status":"open","ping_status":"open","sticky":false,"template":"","format":"standard","meta":{"neve_meta_sidebar":"","neve_meta_container":"","neve_meta_enable_content_width":"","neve_meta_content_width":0,"neve_meta_title_alignment":"","neve_meta_author_avatar":"","neve_post_elements_order":"","neve_meta_disable_header":"","neve_meta_disable_footer":"","neve_meta_disable_title":"","footnotes":""},"categories":[1],"tags":[],"class_list":["post-2304","post","type-post","status-publish","format-standard","hentry","category-non-classe"],"_links":{"self":[{"href":"https:\/\/weballiance.transport-manager.net\/kegrolis\/wp-json\/wp\/v2\/posts\/2304","targetHints":{"allow":["GET"]}}],"collection":[{"href":"https:\/\/weballiance.transport-manager.net\/kegrolis\/wp-json\/wp\/v2\/posts"}],"about":[{"href":"https:\/\/weballiance.transport-manager.net\/kegrolis\/wp-json\/wp\/v2\/types\/post"}],"author":[{"embeddable":true,"href":"https:\/\/weballiance.transport-manager.net\/kegrolis\/wp-json\/wp\/v2\/users\/4"}],"replies":[{"embeddable":true,"href":"https:\/\/weballiance.transport-manager.net\/kegrolis\/wp-json\/wp\/v2\/comments?post=2304"}],"version-history":[{"count":1,"href":"https:\/\/weballiance.transport-manager.net\/kegrolis\/wp-json\/wp\/v2\/posts\/2304\/revisions"}],"predecessor-version":[{"id":2305,"href":"https:\/\/weballiance.transport-manager.net\/kegrolis\/wp-json\/wp\/v2\/posts\/2304\/revisions\/2305"}],"wp:attachment":[{"href":"https:\/\/weballiance.transport-manager.net\/kegrolis\/wp-json\/wp\/v2\/media?parent=2304"}],"wp:term":[{"taxonomy":"category","embeddable":true,"href":"https:\/\/weballiance.transport-manager.net\/kegrolis\/wp-json\/wp\/v2\/categories?post=2304"},{"taxonomy":"post_tag","embeddable":true,"href":"https:\/\/weballiance.transport-manager.net\/kegrolis\/wp-json\/wp\/v2\/tags?post=2304"}],"curies":[{"name":"wp","href":"https:\/\/api.w.org\/{rel}","templated":true}]}}