{"id":2564,"date":"2025-08-05T08:44:15","date_gmt":"2025-08-05T06:44:15","guid":{"rendered":"https:\/\/weballiance.transport-manager.net\/kegrolis\/?p=2564"},"modified":"2026-08-05T08:44:16","modified_gmt":"2026-08-05T06:44:16","slug":"la-montee-en-puissance-du-design-d-interieur-personnalise-tendances-enjeux-et-expertises","status":"publish","type":"post","link":"https:\/\/weballiance.transport-manager.net\/kegrolis\/2025\/08\/05\/la-montee-en-puissance-du-design-d-interieur-personnalise-tendances-enjeux-et-expertises\/","title":{"rendered":"La mont\u00e9e en puissance du design d&rsquo;int\u00e9rieur personnalis\u00e9 : tendances, enjeux et expertises"},"content":{"rendered":"<p>Au fil des derni\u00e8res ann\u00e9es, le secteur du design d&rsquo;int\u00e9rieur a connu une transformation profonde. Si autrefois, l&rsquo;accent \u00e9tait principalement mis sur des styles standards dict\u00e9s par des tendances globalis\u00e9es, l&rsquo;\u00e8re contemporaine valorise d\u00e9sormais une approche r\u00e9solument plus individuelle et personnalis\u00e9e. Cette \u00e9volution est aliment\u00e9e par une demande accrue de clients souhaitant exprimer leur identit\u00e9 \u00e0 travers leur environnement, tout en int\u00e9grant des innovations technologiques et des pr\u00e9occupations \u00e9cologiques qui fa\u00e7onnent les pratiques professionnelles du secteur.<\/p>\n<h2>Les fondements d&rsquo;une tendance forte vers la personnalisation<\/h2>\n<p>Le march\u00e9 mondial du design d&rsquo;int\u00e9rieur conna\u00eet une croissance soutenue, port\u00e9e par la volont\u00e9 croissante des consommateurs de vivre dans des espaces qui leur ressemblent. Selon une \u00e9tude de l&rsquo;<em>American Society of Interior Designers<\/em>, 78 % des clients recherchent d\u00e9sormais une conception qui refl\u00e8te leur style de vie et leur personnalit\u00e9. En France, cette tendance se traduit par une mont\u00e9e en demande pour des meubles sur-mesure, des mat\u00e9riaux durables et des solutions technologiques int\u00e9gr\u00e9es, comme l&rsquo;automatisation domotique.<\/p>\n<p>Ce mouvement vers la personnalisation ne se limite pas \u00e0 une d\u00e9marche esth\u00e9tique. Il concerne aussi la fonctionnalit\u00e9, la durabilit\u00e9 et l\u2019adaptabilit\u00e9 des espaces. Par exemple, des professionnels du secteur innovent avec des meubles modulaires et des am\u00e9nagements flexibles, permettant aux habitants d\u2019adapter leur int\u00e9rieur selon leurs besoins changeants.<\/p>\n<h2>Les enjeux et d\u00e9fis pour les professionnels du secteur<\/h2>\n<p>Face \u00e0 cette demande croissante pour des environnements hautement personnalis\u00e9s, les designers d\u2019int\u00e9rieur doivent faire face \u00e0 plusieurs enjeux cruciaux :<\/p>\n<ul>\n<li><strong>La ma\u00eetrise technique :<\/strong> exp\u00e9rimenter des mat\u00e9riaux innovants et ma\u00eetriser des technologies intelligentes.<\/li>\n<li><strong>La gestion de budgets :<\/strong> offrir des options de personnalisation tout en respectant la faisabilit\u00e9 \u00e9conomique.<\/li>\n<li><strong>La communication client :<\/strong> comprendre finement les attentes pour traduire les d\u00e9sirs en design concret.<\/li>\n<\/ul>\n<p>Par ailleurs, la digitalisation acc\u00e9l\u00e9r\u00e9e du secteur, notamment avec la r\u00e9alit\u00e9 virtuelle et l&rsquo;impression 3D, permet aux clients de visualiser leur futur int\u00e9rieur en amont. Ces outils am\u00e9liorent la collaboration entre professionnels et clients, garantissant une meilleure ad\u00e9quation des projets.<\/p>\n<h2>Focus sur l\u2019expertise fran\u00e7aise : le r\u00f4le des sp\u00e9cialistes du design<\/h2>\n<p>La France, riche de son patrimoine artistique et de son savoir-faire technologique, voit \u00e9merger une nouvelle g\u00e9n\u00e9ration de professionnels qui placent la <span class=\"highlight\">personnalisation au c\u0153ur de leur pratique<\/span>. Outre l&rsquo;innovation technologique, ces experts mettent un point d&rsquo;honneur \u00e0 int\u00e9grer des mat\u00e9riaux locaux, respectueux de l\u2019environnement, dans leurs cr\u00e9ations.<\/p>\n<p>Parmi eux, certains se distinguent par leur capacit\u00e9 \u00e0 offrir un accompagnement complet, de la conception \u00e0 la r\u00e9alisation. Une ressource pr\u00e9cieuse pour quiconque souhaite un int\u00e9rieur qui transcende la simple esth\u00e9tique pour devenir une v\u00e9ritable extension de soi-m\u00eame. \u00c0 cet \u00e9gard, la plateforme <a href=\"https:\/\/bettyspin1.fr\/\">http:\/\/www.bettyspin1.fr\/<\/a> constitue une r\u00e9f\u00e9rence dans le domaine, regroupant des professionnels exp\u00e9riment\u00e9s pour accompagner les projets les plus exigeants.<\/p>\n<h2>Cas d\u2019\u00e9tude : le design d\u2019int\u00e9rieur sur mesure et ses impacts<\/h2>\n<table>\n<thead>\n<tr>\n<th>Crit\u00e8res<\/th>\n<th>Statistique \/ Exemple<\/th>\n<th>Implication<\/th>\n<\/tr>\n<\/thead>\n<tbody>\n<tr>\n<td>Demande de mobilier personnalis\u00e9<\/td>\n<td>+65 % entre 2018 et 2022 (source : Statista)<\/td>\n<td>Accent sur la fabrication locale et artisanale<\/td>\n<\/tr>\n<tr>\n<td>Utilisation de technologie immersive<\/td>\n<td>75 % des studios de design utilisent la VR (source : Interior Design Mag)<\/td>\n<td>Am\u00e9lioration de la pr\u00e9cision et de la satisfaction client<\/td>\n<\/tr>\n<tr>\n<td>Focus \u00e9cologique<\/td>\n<td>42 % des projets privil\u00e9gient des mat\u00e9riaux durables<\/td>\n<td>Favorise la responsabilit\u00e9 environnementale<\/td>\n<\/tr>\n<\/tbody>\n<\/table>\n<blockquote><p>\n\u00ab\u00a0Le design d\u2019int\u00e9rieur personnalis\u00e9 ne se limite pas \u00e0 une tendance passag\u00e8re, mais devient une n\u00e9cessit\u00e9 dans un monde o\u00f9 l\u2019expression individuelle prime. Les professionnels qui sauront conjuguer cr\u00e9ativit\u00e9, technologie et conscience \u00e9cologique seront les acteurs cl\u00e9s de demain.\u00a0\u00bb &#8211; Expert en tendances design\n<\/p><\/blockquote>\n<h2>Conclusion : vers un futur o\u00f9 l\u2019individualit\u00e9 prime<\/h2>\n<p>La r\u00e9volution du design d\u2019int\u00e9rieur personnalis\u00e9 t\u00e9moigne d\u2019une mutation profonde du secteur, ancr\u00e9e dans une volont\u00e9 d\u2019individualisation, d\u2019innovation et de durabilit\u00e9. La plateforme http:\/\/www.bettyspin1.fr\/ incarne cette dynamique, en proposant un r\u00e9seau d\u2019experts aptes \u00e0 transformer chaque projet en une \u0153uvre d\u2019expression unique. Les opportunit\u00e9s \u00e0 venir sont immenses, notamment avec l\u2019int\u00e9gration de technologies encore plus immersives et respectueuses de l\u2019environnement, pour fa\u00e7onner des espaces qui parlent vraiment \u00e0 ceux qui les habitent.<\/p>\n<p>Se positionner en tant qu\u2019acteur incontournable dans cette nouvelle \u00e8re n\u00e9cessite une compr\u00e9hension fine des enjeux, une ma\u00eetrise technique pointue, mais surtout une capacit\u00e9 \u00e0 \u00e9couter et comprendre chaque client. La personnalisation, d\u00e9sormais vecteur de diff\u00e9renciation, remod\u00e8le non seulement nos int\u00e9rieurs mais aussi notre mani\u00e8re d\u2019habiter le monde.<\/p>\n","protected":false},"excerpt":{"rendered":"<p>Au fil des derni\u00e8res ann\u00e9es, le secteur du design d&rsquo;int\u00e9rieur a connu une transformation profonde. Si autrefois, l&rsquo;accent \u00e9tait principalement mis sur des styles standards dict\u00e9s par des tendances globalis\u00e9es, l&rsquo;\u00e8re contemporaine valorise d\u00e9sormais une approche r\u00e9solument plus individuelle et personnalis\u00e9e. Cette \u00e9volution est aliment\u00e9e par une demande accrue de clients souhaitant exprimer leur identit\u00e9&hellip;&nbsp;<a href=\"https:\/\/weballiance.transport-manager.net\/kegrolis\/2025\/08\/05\/la-montee-en-puissance-du-design-d-interieur-personnalise-tendances-enjeux-et-expertises\/\" rel=\"bookmark\">Lire la suite &raquo;<span class=\"screen-reader-text\">La mont\u00e9e en puissance du design d&rsquo;int\u00e9rieur personnalis\u00e9 : tendances, enjeux et expertises<\/span><\/a><\/p>\n","protected":false},"author":4,"featured_media":0,"comment_status":"open","ping_status":"open","sticky":false,"template":"","format":"standard","meta":{"neve_meta_sidebar":"","neve_meta_container":"","neve_meta_enable_content_width":"","neve_meta_content_width":0,"neve_meta_title_alignment":"","neve_meta_author_avatar":"","neve_post_elements_order":"","neve_meta_disable_header":"","neve_meta_disable_footer":"","neve_meta_disable_title":"","footnotes":""},"categories":[1],"tags":[],"class_list":["post-2564","post","type-post","status-publish","format-standard","hentry","category-non-classe"],"_links":{"self":[{"href":"https:\/\/weballiance.transport-manager.net\/kegrolis\/wp-json\/wp\/v2\/posts\/2564","targetHints":{"allow":["GET"]}}],"collection":[{"href":"https:\/\/weballiance.transport-manager.net\/kegrolis\/wp-json\/wp\/v2\/posts"}],"about":[{"href":"https:\/\/weballiance.transport-manager.net\/kegrolis\/wp-json\/wp\/v2\/types\/post"}],"author":[{"embeddable":true,"href":"https:\/\/weballiance.transport-manager.net\/kegrolis\/wp-json\/wp\/v2\/users\/4"}],"replies":[{"embeddable":true,"href":"https:\/\/weballiance.transport-manager.net\/kegrolis\/wp-json\/wp\/v2\/comments?post=2564"}],"version-history":[{"count":1,"href":"https:\/\/weballiance.transport-manager.net\/kegrolis\/wp-json\/wp\/v2\/posts\/2564\/revisions"}],"predecessor-version":[{"id":2565,"href":"https:\/\/weballiance.transport-manager.net\/kegrolis\/wp-json\/wp\/v2\/posts\/2564\/revisions\/2565"}],"wp:attachment":[{"href":"https:\/\/weballiance.transport-manager.net\/kegrolis\/wp-json\/wp\/v2\/media?parent=2564"}],"wp:term":[{"taxonomy":"category","embeddable":true,"href":"https:\/\/weballiance.transport-manager.net\/kegrolis\/wp-json\/wp\/v2\/categories?post=2564"},{"taxonomy":"post_tag","embeddable":true,"href":"https:\/\/weballiance.transport-manager.net\/kegrolis\/wp-json\/wp\/v2\/tags?post=2564"}],"curies":[{"name":"wp","href":"https:\/\/api.w.org\/{rel}","templated":true}]}}