{"id":2936,"date":"2025-08-05T10:18:09","date_gmt":"2025-08-05T08:18:09","guid":{"rendered":"https:\/\/weballiance.transport-manager.net\/kegrolis\/?p=2936"},"modified":"2026-08-05T10:18:09","modified_gmt":"2026-08-05T08:18:09","slug":"in-zeiten-rasanten-technologischen-wandels-und-globaler-vernetzung-gewinnen-regionale-plattformen-fu","status":"publish","type":"post","link":"https:\/\/weballiance.transport-manager.net\/kegrolis\/2025\/08\/05\/in-zeiten-rasanten-technologischen-wandels-und-globaler-vernetzung-gewinnen-regionale-plattformen-fu\/","title":{"rendered":"In Zeiten rasanten technologischen Wandels und globaler Vernetzung gewinnen regionale Plattformen f\u00fc"},"content":{"rendered":"<section>\n<h2 style=\"color: #2980b9;border-bottom: 2px solid #2980b9;padding-bottom: 8px\">Einleitung: Die Bedeutung regionaler Unternehmerveranstaltungen<\/h2>\n<p style=\"font-size: 1.1em;margin-bottom: 20px\">\nIn Zeiten rasanten technologischen Wandels und globaler Vernetzung gewinnen regionale Plattformen f\u00fcr Unternehmerinnen und Unternehmer zunehmend an Bedeutung. Veranstaltungen wie der <a href=\"https:\/\/aachener-unternehmerabend.de\/\">Aachener Unternehmerabend<\/a> sind nicht nur Treffpunkte f\u00fcr Networking, sondern fungieren als Impulsgeber f\u00fcr Innovation, Wissensaustausch und nachhaltiges Wachstum in der Region Aachen und dar\u00fcber hinaus.\n<\/p>\n<h2 style=\"color: #2980b9;border-bottom: 2px solid #2980b9;padding-bottom: 8px\">Die Rolle des Unternehmertags im regionalen Innovationsnetzwerk<\/h2>\n<p style=\"font-size: 1.1em;margin-bottom: 20px\">\nLokale Wirtschaftsveranstaltungen bieten eine einzigartige Gelegenheit, unternehmerische Visionen mit konkreten Branchenkenntnissen zu verbinden. Das Format des Aachener Unternehmerabends erm\u00f6glicht eine Plattform, auf der Unternehmer ihre Erfahrungen teilen, Kooperationen initiieren und neue Gesch\u00e4ftsmodelle diskutieren. Solche Treffen f\u00f6rdern ein \u00d6kosystem, das Innovationen beschleunigt und den digitalen Wandel aktiv mitgestaltet.\n<\/p>\n<h2 style=\"color: #2980b9;border-bottom: 2px solid #2980b9;padding-bottom: 8px\">Datenbasiert: Die Wirkung regionaler Netzwerkveranstaltungen<\/h2>\n<table style=\"width: 100%;border-collapse: collapse;margin-bottom: 30px\">\n<tr>\n<th style=\"background-color: #ecf0f1;padding: 10px;border: 1px solid #bdc3c7\">Indikator<\/th>\n<th style=\"background-color: #ecf0f1;padding: 10px;border: 1px solid #bdc3c7\">Auswertung<\/th>\n<\/tr>\n<tr>\n<td style=\"padding: 10px;border: 1px solid #bdc3c7\">Teilnehmerzahl bei regionalen Unternehmerveranstaltungen (2019-2023)<\/td>\n<td style=\"padding: 10px;border: 1px solid #bdc3c7\">Steigerung um 25 %, mit durchschnittlich 150 Teilnehmern pro Event<\/td>\n<\/tr>\n<tr>\n<td style=\"padding: 10px;border: 1px solid #bdc3c7\">Anzahl neuer Kooperationen und Gesch\u00e4ftskooperationen<\/td>\n<td style=\"padding: 10px;border: 1px solid #bdc3c7\">\u00dcber 80% der Teilnehmer berichten von neuen Partnerschaften innerhalb von sechs Monaten<\/td>\n<\/tr>\n<tr>\n<td style=\"padding: 10px;border: 1px solid #bdc3c7\">Innovationsrate in der Region<\/td>\n<td style=\"padding: 10px;border: 1px solid #bdc3c7\">Erh\u00f6hter Fokus auf digitale L\u00f6sungen, lokaler Innovationsindex steigt um 15%<\/td>\n<\/tr>\n<\/table>\n<p style=\"font-size: 1.1em;margin-bottom: 20px\">\nDiese Zahlen unterstreichen, wie regional ausgerichtete Unternehmerveranstaltungen nicht nur den sozialen Zusammenhalt st\u00e4rken, sondern auch messbar zum Innovationspotenzial ihrer Regionen beitragen. Der Austausch auf Augenh\u00f6he schafft eine Dynamik, die den digitalen Innovationszyklus nachhaltig beschleunigt.\n<\/p>\n<h2 style=\"color: #2980b9;border-bottom: 2px solid #2980b9;padding-bottom: 8px\">Best Practices: Erfolgreiche Formate und Innovationstreiber<\/h2>\n<p style=\"font-size: 1.1em;margin-bottom: 20px\">\nHier einige Ans\u00e4tze, die den Erfolg regionaler Unternehmernetzwerke ausmachen:<\/p>\n<ul style=\"list-style-type: disc;padding-left: 20px;margin-bottom: 20px\">\n<li><strong>Interdisziplin\u00e4re Austauschformate:<\/strong> Branchen\u00fcbergreifende Diskussionen f\u00f6rdern kreative L\u00f6sungsans\u00e4tze f\u00fcr digitale Herausforderungen.<\/li>\n<li><strong>Mentorenprogramme:<\/strong> Erfahrungsaustausch zwischen etablierten Unternehmern und Start-ups beschleunigt die Innovationskraft.<\/li>\n<li><strong>Digitale Plattformen vor Ort:<\/strong> Erg\u00e4nzend zu physischen Treffen bieten lokale Online-Communities die M\u00f6glichkeit, kontinuierlich im Austausch zu bleiben.<\/li>\n<\/ul>\n<p style=\"font-style: italic;margin-bottom: 20px\">\nDer Aachener Unternehmerabend vereint diese Elemente in einem erfolgreichen Format, das die Entwicklung der Region aktiv vorantreibt.\n<\/p>\n<h2 style=\"color: #2980b9;border-bottom: 2px solid #2980b9;padding-bottom: 8px\">Fazit: Regional verankertes Unternehmertum als Motor der Digitalisierung<\/h2>\n<p style=\"font-size: 1.1em\">\nDie strategische Bedeutung regionaler Unternehmernetzwerke wird in einer zunehmend digitalisierten Wirtschaft sichtbar. Durch Veranstaltungen wie den Aachener Unternehmerabend entsteht eine lebendige Gemeinschaft, die Innovationen nicht nur f\u00f6rdert, sondern aktiv gestaltet. Diese Plattformen sind essenziell, um die Herausforderungen der digitalen Transformation zu meistern und nachhaltigen Erfolg zu sichern.\n<\/p>\n<p style=\"font-size: 1.1em;margin-top: 30px\">\nDie Zukunft der regionalen Wirtschaft liegt in der St\u00e4rke ihrer Netzwerke \u2013 dort, wo Ideen auf Expertise treffen und Innovationen geboren werden.\n<\/p>\n<\/section>\n","protected":false},"excerpt":{"rendered":"<p>Einleitung: Die Bedeutung regionaler Unternehmerveranstaltungen In Zeiten rasanten technologischen Wandels und globaler Vernetzung gewinnen regionale Plattformen f\u00fcr Unternehmerinnen und Unternehmer zunehmend an Bedeutung. Veranstaltungen wie der Aachener Unternehmerabend sind nicht nur Treffpunkte f\u00fcr Networking, sondern fungieren als Impulsgeber f\u00fcr Innovation, Wissensaustausch und nachhaltiges Wachstum in der Region Aachen und dar\u00fcber hinaus. Die Rolle des Unternehmertags&hellip;&nbsp;<a href=\"https:\/\/weballiance.transport-manager.net\/kegrolis\/2025\/08\/05\/in-zeiten-rasanten-technologischen-wandels-und-globaler-vernetzung-gewinnen-regionale-plattformen-fu\/\" rel=\"bookmark\">Lire la suite &raquo;<span class=\"screen-reader-text\">In Zeiten rasanten technologischen Wandels und globaler Vernetzung gewinnen regionale Plattformen f\u00fc<\/span><\/a><\/p>\n","protected":false},"author":4,"featured_media":0,"comment_status":"open","ping_status":"open","sticky":false,"template":"","format":"standard","meta":{"neve_meta_sidebar":"","neve_meta_container":"","neve_meta_enable_content_width":"","neve_meta_content_width":0,"neve_meta_title_alignment":"","neve_meta_author_avatar":"","neve_post_elements_order":"","neve_meta_disable_header":"","neve_meta_disable_footer":"","neve_meta_disable_title":"","footnotes":""},"categories":[1],"tags":[],"class_list":["post-2936","post","type-post","status-publish","format-standard","hentry","category-non-classe"],"_links":{"self":[{"href":"https:\/\/weballiance.transport-manager.net\/kegrolis\/wp-json\/wp\/v2\/posts\/2936","targetHints":{"allow":["GET"]}}],"collection":[{"href":"https:\/\/weballiance.transport-manager.net\/kegrolis\/wp-json\/wp\/v2\/posts"}],"about":[{"href":"https:\/\/weballiance.transport-manager.net\/kegrolis\/wp-json\/wp\/v2\/types\/post"}],"author":[{"embeddable":true,"href":"https:\/\/weballiance.transport-manager.net\/kegrolis\/wp-json\/wp\/v2\/users\/4"}],"replies":[{"embeddable":true,"href":"https:\/\/weballiance.transport-manager.net\/kegrolis\/wp-json\/wp\/v2\/comments?post=2936"}],"version-history":[{"count":1,"href":"https:\/\/weballiance.transport-manager.net\/kegrolis\/wp-json\/wp\/v2\/posts\/2936\/revisions"}],"predecessor-version":[{"id":2937,"href":"https:\/\/weballiance.transport-manager.net\/kegrolis\/wp-json\/wp\/v2\/posts\/2936\/revisions\/2937"}],"wp:attachment":[{"href":"https:\/\/weballiance.transport-manager.net\/kegrolis\/wp-json\/wp\/v2\/media?parent=2936"}],"wp:term":[{"taxonomy":"category","embeddable":true,"href":"https:\/\/weballiance.transport-manager.net\/kegrolis\/wp-json\/wp\/v2\/categories?post=2936"},{"taxonomy":"post_tag","embeddable":true,"href":"https:\/\/weballiance.transport-manager.net\/kegrolis\/wp-json\/wp\/v2\/tags?post=2936"}],"curies":[{"name":"wp","href":"https:\/\/api.w.org\/{rel}","templated":true}]}}