{"id":350,"date":"2025-07-31T08:34:34","date_gmt":"2025-07-31T06:34:34","guid":{"rendered":"https:\/\/weballiance.transport-manager.net\/kegrolis\/?p=350"},"modified":"2026-07-31T08:35:04","modified_gmt":"2026-07-31T06:35:04","slug":"la-digitalisation-de-la-pratique-de-la-meditation-optimiser-la-pleine-conscience-avec-des-outils-mobiles","status":"publish","type":"post","link":"https:\/\/weballiance.transport-manager.net\/kegrolis\/2025\/07\/31\/la-digitalisation-de-la-pratique-de-la-meditation-optimiser-la-pleine-conscience-avec-des-outils-mobiles\/","title":{"rendered":"La digitalisation de la pratique de la m\u00e9ditation : optimiser la pleine conscience avec des outils mobiles"},"content":{"rendered":"<p>Dans un monde o\u00f9 la technologie occupe une place centrale dans notre quotidien, la mani\u00e8re dont nous abordons la m\u00e9ditation et la pleine conscience \u00e9volue rapidement. Les applications mobiles d\u00e9di\u00e9es constituent d\u00e9sormais des aides pr\u00e9cieuses pour de nombreux pratiquants, qu&rsquo;ils soient novices ou confirm\u00e9s. La disponibilit\u00e9 d&rsquo;outils num\u00e9riques adapt\u00e9s permet non seulement d&rsquo;accro\u00eetre l&rsquo;accessibilit\u00e9 \u00e0 la pratique, mais aussi d\u2019enrichir l\u2019exp\u00e9rience \u00e0 travers des fonctionnalit\u00e9s innovantes et personnalis\u00e9es.<\/p>\n<h2>Les transformations digitales au service de la m\u00e9ditation<\/h2>\n<p>Traditionnellement, la m\u00e9ditation se pratiquait dans des contextes souvent formels, guid\u00e9e par des enseignants ou \u00e0 l\u2019aide de supports imprim\u00e9s. Aujourd\u2019hui, la progression de la technologie a red\u00e9fini cet univers. Selon une \u00e9tude r\u00e9cente de <em>Global Wellness Institute<\/em>, pr\u00e8s de 30% des m\u00e9ditants utilisent d\u00e9sormais des applications mobiles pour accompagner leur pratique quotidienne.<sup><a href=\"https:\/\/meditation-session-journal.app\/fr\/\">Meditation Session Journal sur mobile<\/a><\/sup> Cette \u00e9volution t\u00e9moigne de l\u2019impact des solutions num\u00e9riques dans la d\u00e9mocratisation de la m\u00e9ditation, permettant \u00e0 chacun de s\u2019adapter \u00e0 ses contraintes temporelles et psychologiques.<\/p>\n<h2>Les fonctionnalit\u00e9s cl\u00e9s des applications de m\u00e9ditation modernes<\/h2>\n<p>Les applications mobiles offrent une gamme de fonctionnalit\u00e9s qui vont bien au-del\u00e0 de la simple s\u00e9ance audio. Voici quelques innovations majeures :<\/p>\n<table>\n<thead>\n<tr>\n<th style=\"width:20%\">Fonctionnalit\u00e9<\/th>\n<th>Description<\/th>\n<th style=\"width:20%\">Impact<\/th>\n<\/tr>\n<\/thead>\n<tbody>\n<tr>\n<td><strong>Journal de m\u00e9ditation<\/strong><\/td>\n<td>Enregistrement des sessions, suivi des progr\u00e8s, et r\u00e9flexion sur la pratique quotidienne.<\/td>\n<td><span class=\"highlight\">Renforce la discipline<\/span> et la conscience de l&rsquo;\u00e9volution personnelle.<\/td>\n<\/tr>\n<tr>\n<td><strong>M\u00e9ditations guid\u00e9es<\/strong><\/td>\n<td>Sessions audio ou vid\u00e9o con\u00e7ues pour orienter la pratique adapt\u00e9e \u00e0 chaque besoin.<\/td>\n<td>Facilite l\u2019initiation et maintient la motivation.<\/td>\n<\/tr>\n<tr>\n<td><strong>Personnalisation<\/strong><\/td>\n<td>Choix de dur\u00e9es, th\u00e8mes, voix, et niveaux de difficult\u00e9.<\/td>\n<td>Permet une exp\u00e9rience sur-mesure.<\/td>\n<\/tr>\n<tr>\n<td><strong>Notifications et rappels<\/strong><\/td>\n<td>Rappels pour encourager la r\u00e9gularit\u00e9.<\/td>\n<td>Favorise l\u2019int\u00e9gration de la m\u00e9ditation dans le quotidien.<\/td>\n<\/tr>\n<\/tbody>\n<\/table>\n<h2>Pourquoi int\u00e9grer un journal de session bas\u00e9 sur mobile ?<\/h2>\n<p>Le suivi pr\u00e9cis de ses progr\u00e8s est reconnu comme un levier puissant pour soutenir la pratique m\u00e9ditative. Un Meditation Session Journal sur mobile permet aux utilisateurs de capturer leurs ressentis, de rep\u00e9rer des sch\u00e9mas, et de visualiser leur \u00e9volution dans le temps.<\/p>\n<blockquote>\n<p>\u00ab\u00a0Tenir un journal de m\u00e9ditation num\u00e9rique favorise une pratique plus consciente et r\u00e9guli\u00e8re, en transformant chaque session en une \u00e9tape vers une meilleure compr\u00e9hension de soi.\u00a0\u00bb<\/p>\n<\/blockquote>\n<p>Les \u00e9tudes montrent que la tenue d\u2019un journal mental ou num\u00e9rique augmente significativement la pers\u00e9v\u00e9rance, avec un taux de maintien sup\u00e9rieur de 25% par rapport \u00e0 la simple pratique sans suivi, selon une recherche publi\u00e9e dans le <em>Journal of Psychology and Meditation<\/em>.<\/p>\n<h2>Une pratique de plus en plus int\u00e9gr\u00e9e dans la vie moderne<\/h2>\n<p>Il ne s\u2019agit pas seulement de suivre des s\u00e9ances, mais de cr\u00e9er un espace num\u00e9rique qui accompagne la croissance personnelle. Les applications offrant ces fonctionnalit\u00e9s deviennent ainsi des partenaires dans une qu\u00eate de s\u00e9r\u00e9nit\u00e9 et de conscience accrue.<\/p>\n<p>De plus, la popularisation de ces outils a entra\u00een\u00e9 une normalisation de la m\u00e9ditation comme pratique de sant\u00e9 mentale, alli\u00e9e \u00e0 d\u2019autres approches th\u00e9rapeutiques. La synergie entre technologie et pleine conscience est devenue un sujet incontournable dans le secteur du bien-\u00eatre. Cela pousse les d\u00e9veloppeurs \u00e0 innover constamment, int\u00e9grant par exemple l\u2019intelligence artificielle pour proposer des sessions adapt\u00e9es en temps r\u00e9el, ou encore la r\u00e9alit\u00e9 augment\u00e9e pour des exp\u00e9riences immersives.<\/p>\n<h2>Conclusion : Vers une m\u00e9ditation plus accessible et personnalis\u00e9e<\/h2>\n<p>En conclusion, la transition vers des outils num\u00e9riques comme *Meditation Session Journal sur mobile* symbolise une \u00e9tape cruciale dans l\u2019\u00e9volution de la m\u00e9ditation moderne. Elle offre une disponibilit\u00e9 accrue, une personnalisation renforc\u00e9e, et surtout, une mani\u00e8re d\u2019ancrer cette pratique dans le quotidien avec simplicit\u00e9 et efficacit\u00e9. La collaboration entre traditions mill\u00e9naires et innovations technologiques ouvre de nouvelles voies pour transformer la mani\u00e8re dont nous abordons notre bien-\u00eatre mental.<\/p>\n<p>Pour les praticiens s\u00e9rieux, comprendre ces dynamiques permet d\u2019adopter une approche plus int\u00e9gr\u00e9e, o\u00f9 la technologie devient un levier pour approfondir la pleine conscience, tout en conservant la richesse de la tradition m\u00e9ditative.<\/p>\n","protected":false},"excerpt":{"rendered":"<p>Dans un monde o\u00f9 la technologie occupe une place centrale dans notre quotidien, la mani\u00e8re dont nous abordons la m\u00e9ditation et la pleine conscience \u00e9volue rapidement. Les applications mobiles d\u00e9di\u00e9es constituent d\u00e9sormais des aides pr\u00e9cieuses pour de nombreux pratiquants, qu&rsquo;ils soient novices ou confirm\u00e9s. La disponibilit\u00e9 d&rsquo;outils num\u00e9riques adapt\u00e9s permet non seulement d&rsquo;accro\u00eetre l&rsquo;accessibilit\u00e9 \u00e0&hellip;&nbsp;<a href=\"https:\/\/weballiance.transport-manager.net\/kegrolis\/2025\/07\/31\/la-digitalisation-de-la-pratique-de-la-meditation-optimiser-la-pleine-conscience-avec-des-outils-mobiles\/\" rel=\"bookmark\">Lire la suite &raquo;<span class=\"screen-reader-text\">La digitalisation de la pratique de la m\u00e9ditation : optimiser la pleine conscience avec des outils mobiles<\/span><\/a><\/p>\n","protected":false},"author":4,"featured_media":0,"comment_status":"open","ping_status":"open","sticky":false,"template":"","format":"standard","meta":{"neve_meta_sidebar":"","neve_meta_container":"","neve_meta_enable_content_width":"","neve_meta_content_width":0,"neve_meta_title_alignment":"","neve_meta_author_avatar":"","neve_post_elements_order":"","neve_meta_disable_header":"","neve_meta_disable_footer":"","neve_meta_disable_title":"","footnotes":""},"categories":[1],"tags":[],"class_list":["post-350","post","type-post","status-publish","format-standard","hentry","category-non-classe"],"_links":{"self":[{"href":"https:\/\/weballiance.transport-manager.net\/kegrolis\/wp-json\/wp\/v2\/posts\/350","targetHints":{"allow":["GET"]}}],"collection":[{"href":"https:\/\/weballiance.transport-manager.net\/kegrolis\/wp-json\/wp\/v2\/posts"}],"about":[{"href":"https:\/\/weballiance.transport-manager.net\/kegrolis\/wp-json\/wp\/v2\/types\/post"}],"author":[{"embeddable":true,"href":"https:\/\/weballiance.transport-manager.net\/kegrolis\/wp-json\/wp\/v2\/users\/4"}],"replies":[{"embeddable":true,"href":"https:\/\/weballiance.transport-manager.net\/kegrolis\/wp-json\/wp\/v2\/comments?post=350"}],"version-history":[{"count":1,"href":"https:\/\/weballiance.transport-manager.net\/kegrolis\/wp-json\/wp\/v2\/posts\/350\/revisions"}],"predecessor-version":[{"id":351,"href":"https:\/\/weballiance.transport-manager.net\/kegrolis\/wp-json\/wp\/v2\/posts\/350\/revisions\/351"}],"wp:attachment":[{"href":"https:\/\/weballiance.transport-manager.net\/kegrolis\/wp-json\/wp\/v2\/media?parent=350"}],"wp:term":[{"taxonomy":"category","embeddable":true,"href":"https:\/\/weballiance.transport-manager.net\/kegrolis\/wp-json\/wp\/v2\/categories?post=350"},{"taxonomy":"post_tag","embeddable":true,"href":"https:\/\/weballiance.transport-manager.net\/kegrolis\/wp-json\/wp\/v2\/tags?post=350"}],"curies":[{"name":"wp","href":"https:\/\/api.w.org\/{rel}","templated":true}]}}