{"id":4018,"date":"2025-08-06T19:47:33","date_gmt":"2025-08-06T17:47:33","guid":{"rendered":"https:\/\/weballiance.transport-manager.net\/kegrolis\/?p=4018"},"modified":"2026-08-06T19:47:36","modified_gmt":"2026-08-06T17:47:36","slug":"halsa-energi-och-holistisk-livsstil-en-djupdykning-i-nutidens-framsta-trender","status":"publish","type":"post","link":"https:\/\/weballiance.transport-manager.net\/kegrolis\/2025\/08\/06\/halsa-energi-och-holistisk-livsstil-en-djupdykning-i-nutidens-framsta-trender\/","title":{"rendered":"H\u00e4lsa, Energi och Holistisk Livsstil: En Djupdykning i Nutidens Fr\u00e4msta Trender"},"content":{"rendered":"<div class=\"section\">\n<p>I en v\u00e4rld d\u00e4r h\u00e4lsa och v\u00e4lbefinnande st\u00e4ndigt toppar listan \u00f6ver prioriteringar, har f\u00f6rst\u00e5elsen f\u00f6r helhetsperspektivet b\u00f6rjat spela en allt st\u00f6rre roll inom modern h\u00e4lsov\u00e5rd och livsstilsval. Den intensiva utvecklingen inom omr\u00e5den som n\u00e4ringsl\u00e4ra, stresshantering och personlig utveckling visar att en holistisk approach inte l\u00e4ngre \u00e4r en trend, utan en grundbult f\u00f6r dem som s\u00f6ker l\u00e5ngvarig balans och energi i vardagen.<\/p>\n<\/div>\n<h2>Den Holistiska Synen p\u00e5 H\u00e4lsa: Mer \u00e4n Bara Fr\u00e5nvaro av Sjukdom<\/h2>\n<div class=\"section\">\n<p>Traditionell medicin fokuserar ofta p\u00e5 att behandla sjukdomar n\u00e4r de uppst\u00e5tt, men den holistiska h\u00e4lsans filosofi tar ett steg l\u00e4ngre genom att adressera hela m\u00e4nniskan: kropp, sinne och ande. Enligt en unders\u00f6kning fr\u00e5n <em>Rapport om Holistisk H\u00e4lsa 2022<\/em> visar det sig att individer som integrerar mental och emotionell h\u00e4lsa i sin livsstil rapporterar en m\u00e4rkbar f\u00f6rb\u00e4ttring i energiniv\u00e5er och livskvalitet.<\/p>\n<p>Det \u00e4r dessutom tydligt att tillg\u00e5ngen till r\u00e4tt information och verktyg \u00e4r avg\u00f6rande f\u00f6r att fr\u00e4mja en s\u00e5dan livssyn. I detta sammanhang kan det vara v\u00e4rdefullt att utforska akt\u00f6rer som arbetar med att erbjuda evidensbaserade l\u00f6sningar f\u00f6r ett h\u00e5llbart h\u00e4lsoliv, s\u00e5som <a href=\"https:\/\/amunra-se.com\/\"><strong>l\u00e4s mer om amunra h\u00e4r<\/strong><\/a>.<\/p>\n<\/div>\n<h2>Teknologins Roll i att Fr\u00e4mja H\u00e4lsa och Energi<\/h2>\n<div class=\"section\">\n<p>Under de senaste \u00e5ren har digitala h\u00e4lsol\u00f6sningar och wearables blivit ett viktigt verktyg f\u00f6r att m\u00e4ta och f\u00f6rb\u00e4ttra v\u00e5r h\u00e4lsa. Enligt en rapport fr\u00e5n <em>Global Wellness Institute<\/em> f\u00f6r 2023, f\u00f6rv\u00e4ntas marknaden f\u00f6r h\u00e4lsoteknologier v\u00e4xa med en \u00e5rlig tillv\u00e4xttakt p\u00e5 15%, vilket visar p\u00e5 en stark f\u00f6rflyttning mot datadrivna h\u00e4lsoval.<\/p>\n<p>Genom att integrera s\u00e5dana innovativa teknologier med en holistisk till\u00e4mpning, kan individen b\u00e4st f\u00f6rst\u00e5 och anpassa sina beteenden f\u00f6r optimal energi och v\u00e4lbefinnande. Just detta \u00e4r n\u00e5got som moderna plattformar i syfte att st\u00f6dja h\u00e4lsosamma livsstilsval ofta inriktar sig p\u00e5, som exempelvis p\u00e5 l\u00e4s mer om amunra h\u00e4r.<\/p>\n<\/div>\n<h2>Praktiska Strategier f\u00f6r En Holistisk Livsstil<\/h2>\n<div class=\"section\">\n<table>\n<thead>\n<tr>\n<th>Nyckelomr\u00e5den<\/th>\n<th>Strategier<\/th>\n<th>Exempel<\/th>\n<\/tr>\n<\/thead>\n<tbody>\n<tr>\n<td>Nutrition<\/td>\n<td>Balans mellan makron\u00e4rings\u00e4mnen, v\u00e4xtbaserad kost och regelbundna m\u00e5ltider<\/td>\n<td>Vill du veta mer om helhetssyn p\u00e5 kostadning, kan du titta n\u00e4rmare p\u00e5 l\u00e4s mer om amunra h\u00e4r.<\/td>\n<\/tr>\n<tr>\n<td>Fysisk aktivitet<\/td>\n<td>Inkludera yoga, promenader och styrketr\u00e4ning f\u00f6r att f\u00f6rb\u00e4ttra b\u00e5de fysisk och mental h\u00e4lsa<\/td>\n<td>Forskning visar att regelbunden tr\u00e4ning kan minska stressniv\u00e5er signifikant.<\/td>\n<\/tr>\n<tr>\n<td>Mental h\u00e4lsa<\/td>\n<td>Mindfulness, meditation och s\u00f6mnrutiner<\/td>\n<td>Att avs\u00e4tta tid f\u00f6r avkoppling \u00e4r avg\u00f6rande f\u00f6r att bibeh\u00e5lla energi.<\/td>\n<\/tr>\n<tr>\n<td>Andlig balans<\/td>\n<td>Reflektion, tacksamhets\u00f6vningar och meningsfulla aktiviteter<\/td>\n<td>Enkelt att implementera i vardagen och bidrar till l\u00e5ngsiktig h\u00e5llbarhet.<\/td>\n<\/tr>\n<\/tbody>\n<\/table>\n<\/div>\n<h2>Framtiden f\u00f6r H\u00e5llbar H\u00e4lsa: En Integrerad Modell<\/h2>\n<div class=\"section\">\n<p>Innovationer inom biomark\u00f6rer, AI och personlig medicin banar v\u00e4g f\u00f6r en mer personaliserad h\u00e4lsov\u00e5rd. Forskning pekar mot att framtidens h\u00e4lsosystem kommer att m\u00f6jligg\u00f6ra f\u00f6r individer att proaktivt hantera sin energi och h\u00e4lsa snarare \u00e4n att bara reagera p\u00e5 problem n\u00e4r de uppst\u00e5r.<\/p>\n<p>Det \u00e4r i detta sammanhang som f\u00f6rst\u00e5elsen f\u00f6r och tillg\u00e5ng till evidensbaserade l\u00f6sningar, exempelvis via plattformar som l\u00e4s mer om amunra h\u00e4r, blir avg\u00f6rande. Dessa hj\u00e4lper till att skapa en sammanh\u00e4ngande strategi d\u00e4r varje aspekt av h\u00e4lsa samverkar f\u00f6r att optimera livskvaliteten.<\/p>\n<\/div>\n<h2>Avslutande Reflektioner<\/h2>\n<div class=\"section\">\n<p>Att ta ansvar f\u00f6r sin h\u00e4lsa i en komplex och snabbt f\u00f6r\u00e4nderlig v\u00e4rld kr\u00e4ver inte bara kunskap, utan ocks\u00e5 verktyg och st\u00f6d f\u00f6r att g\u00f6ra h\u00e5llbara val. Genom att integrera vetenskapligt st\u00f6dd praxis inom nutrition, fysisk aktivitet och mental h\u00e4lsa kan vi alla str\u00e4va mot att \u00f6ka v\u00e5r energi och f\u00f6rb\u00e4ttra v\u00e5rt v\u00e4lbefinnande. F\u00f6r de som vill f\u00f6rdjupa sig i evidensbaserade l\u00f6sningar och innovativa metoder, kan en fascinerande och trygg plats att b\u00f6rja p\u00e5 vara att l\u00e4sa mer om l\u00e4s mer om amunra h\u00e4r.<\/p>\n<p><em>Investering i helhetsperspektivet \u00e4r en investering i ett b\u00e4ttre liv.<\/em><\/p>\n<\/div>\n","protected":false},"excerpt":{"rendered":"<p>I en v\u00e4rld d\u00e4r h\u00e4lsa och v\u00e4lbefinnande st\u00e4ndigt toppar listan \u00f6ver prioriteringar, har f\u00f6rst\u00e5elsen f\u00f6r helhetsperspektivet b\u00f6rjat spela en allt st\u00f6rre roll inom modern h\u00e4lsov\u00e5rd och livsstilsval. Den intensiva utvecklingen inom omr\u00e5den som n\u00e4ringsl\u00e4ra, stresshantering och personlig utveckling visar att en holistisk approach inte l\u00e4ngre \u00e4r en trend, utan en grundbult f\u00f6r dem som s\u00f6ker&hellip;&nbsp;<a href=\"https:\/\/weballiance.transport-manager.net\/kegrolis\/2025\/08\/06\/halsa-energi-och-holistisk-livsstil-en-djupdykning-i-nutidens-framsta-trender\/\" rel=\"bookmark\">Lire la suite &raquo;<span class=\"screen-reader-text\">H\u00e4lsa, Energi och Holistisk Livsstil: En Djupdykning i Nutidens Fr\u00e4msta Trender<\/span><\/a><\/p>\n","protected":false},"author":4,"featured_media":0,"comment_status":"open","ping_status":"open","sticky":false,"template":"","format":"standard","meta":{"neve_meta_sidebar":"","neve_meta_container":"","neve_meta_enable_content_width":"","neve_meta_content_width":0,"neve_meta_title_alignment":"","neve_meta_author_avatar":"","neve_post_elements_order":"","neve_meta_disable_header":"","neve_meta_disable_footer":"","neve_meta_disable_title":"","footnotes":""},"categories":[1],"tags":[],"class_list":["post-4018","post","type-post","status-publish","format-standard","hentry","category-non-classe"],"_links":{"self":[{"href":"https:\/\/weballiance.transport-manager.net\/kegrolis\/wp-json\/wp\/v2\/posts\/4018","targetHints":{"allow":["GET"]}}],"collection":[{"href":"https:\/\/weballiance.transport-manager.net\/kegrolis\/wp-json\/wp\/v2\/posts"}],"about":[{"href":"https:\/\/weballiance.transport-manager.net\/kegrolis\/wp-json\/wp\/v2\/types\/post"}],"author":[{"embeddable":true,"href":"https:\/\/weballiance.transport-manager.net\/kegrolis\/wp-json\/wp\/v2\/users\/4"}],"replies":[{"embeddable":true,"href":"https:\/\/weballiance.transport-manager.net\/kegrolis\/wp-json\/wp\/v2\/comments?post=4018"}],"version-history":[{"count":1,"href":"https:\/\/weballiance.transport-manager.net\/kegrolis\/wp-json\/wp\/v2\/posts\/4018\/revisions"}],"predecessor-version":[{"id":4019,"href":"https:\/\/weballiance.transport-manager.net\/kegrolis\/wp-json\/wp\/v2\/posts\/4018\/revisions\/4019"}],"wp:attachment":[{"href":"https:\/\/weballiance.transport-manager.net\/kegrolis\/wp-json\/wp\/v2\/media?parent=4018"}],"wp:term":[{"taxonomy":"category","embeddable":true,"href":"https:\/\/weballiance.transport-manager.net\/kegrolis\/wp-json\/wp\/v2\/categories?post=4018"},{"taxonomy":"post_tag","embeddable":true,"href":"https:\/\/weballiance.transport-manager.net\/kegrolis\/wp-json\/wp\/v2\/tags?post=4018"}],"curies":[{"name":"wp","href":"https:\/\/api.w.org\/{rel}","templated":true}]}}