{"id":6663,"date":"2025-09-02T23:19:13","date_gmt":"2025-09-02T21:19:13","guid":{"rendered":"https:\/\/weballiance.transport-manager.net\/kegrolis\/2025\/09\/02\/digitale-innovationen-in-der-unterstutzung-von-menschen-mit-sprachentwicklungsstorungen\/"},"modified":"2025-09-02T23:19:13","modified_gmt":"2025-09-02T21:19:13","slug":"digitale-innovationen-in-der-unterstutzung-von-menschen-mit-sprachentwicklungsstorungen","status":"publish","type":"post","link":"https:\/\/weballiance.transport-manager.net\/kegrolis\/2025\/09\/02\/digitale-innovationen-in-der-unterstutzung-von-menschen-mit-sprachentwicklungsstorungen\/","title":{"rendered":"Digitale Innovationen in der Unterst\u00fctzung von Menschen mit Sprachentwicklungsst\u00f6rungen"},"content":{"rendered":"<div class=\"section\">\n<p>Im Zeitalter der Digitalisierung ver\u00e4ndert sich die Art und Weise, wie medizinische, therapeutische und p\u00e4dagogische Dienstleistungen erbracht werden. Besonders im Bereich der Unterst\u00fctzung von Menschen mit sprachlichen Entwicklungsst\u00f6rungen, wie beispielsweise der verbalen Entwicklungsst\u00f6rung (VEDS), er\u00f6ffnet die digitale Sph\u00e4re neue Perspektiven. Diese Innovationen tragen wesentlich dazu bei, Barrieren zu \u00fcberwinden, individuelle Therapieans\u00e4tze zu verbessern und umfassende Ressourcen f\u00fcr Betroffene, Eltern und Fachkr\u00e4fte bereitzustellen.<\/p>\n<\/div>\n<h2>Verstehen der Verbale Entwicklungsst\u00f6rung: Herausforderungen und Bedarf<\/h2>\n<div class=\"section\">\n<p>Die <strong>verbale Entwicklungsst\u00f6rung<\/strong> ist eine komplexe und heterogene Neuroentwicklungsst\u00f6rung, die sich durch erhebliche Schwierigkeiten in der Sprachproduktion und -verarbeitung auszeichnet. Laut Studien, wie den Daten des <a href=\"https:\/\/retardio.de\/\">retardio.de<\/a>, betrifft etwa 2\u20133 % der Kinder in Deutschland verschiedene Auspr\u00e4gungen dieser St\u00f6rung.<\/p>\n<p>Herausforderungen beinhalten neben der Sprachentwicklung auch soziale Interaktionen und schulische Leistungen. Trotz ihrer Komplexit\u00e4t besteht ein erheblicher Bedarf an fr\u00fchzeitiger Diagnose, individuell angepasste Therapien und zug\u00e4nglichen Ressourcen f\u00fcr Eltern und Fachpersonal \u2013 alles Bereiche, in denen digitale Angebote zunehmend an Bedeutung gewinnen.<\/p>\n<\/div>\n<h2>Innovative digitale L\u00f6sungen: Mehr als nur Erg\u00e4nzungen<\/h2>\n<div class=\"section\">\n<p>Wissenschaftliche Fortschritte und technologische Entwicklungen erm\u00f6glichen die Gestaltung innovativer Anwendungen, die eine sinnvolle Erg\u00e4nzung herk\u00f6mmlicher Therapien darstellen:<\/p>\n<ul>\n<li><strong>Apps f\u00fcr Sprachtraining:<\/strong> Interaktive, spielerische Anwendungen, die kindgerechte \u00dcbungen anbieten, um Sprachf\u00e4higkeiten zu f\u00f6rdern.<\/li>\n<li><strong>Virtuelle Therapier\u00e4ume:<\/strong> Teletherapie-Plattformen erm\u00f6glichen eine flexible und kontinuierliche Betreuung unabh\u00e4ngig vom Standort, was besonders in l\u00e4ndlichen Regionen von Vorteil ist.<\/li>\n<li><strong>\u00c4hnliche Diagnose-Tools:<\/strong> K\u00fcnstliche Intelligenz-basierte Systeme, die erste Hinweise auf Sprachentwicklungsst\u00f6rungen liefern und fr\u00fchzeitig Interventionen einleiten k\u00f6nnen.<\/li>\n<\/ul>\n<p>Beispielsweise zeigt eine Studie der <em>European Journal of Pediatrics<\/em>, dass digitale Fr\u00fchinterventionsprogramme die Sprachentwicklung bei Kindern mit VEDS signifikant verbessern k\u00f6nnen, insbesondere bei einer fr\u00fchzeitigen Anwendung.<\/p>\n<\/div>\n<h2>Was macht eine vertrauensvolle digitale Ressource aus?<\/h2>\n<div class=\"section\">\n<p>In einem Bereich gepr\u00e4gt von sensiblen Daten, individuellen Therapiezielen und hoher Verantwortung ist die Qualit\u00e4t der angebotenen Inhalte entscheidend. Eine autoritative digitale Plattform sollte:<\/p>\n<ul>\n<li>Wissenschaftlich fundierte Inhalte pr\u00e4sentieren, basierend auf aktuellen Studien und Fachmeinungen.<\/li>\n<li>Transparenz hinsichtlich der Nutzung von Daten und Datenschutz gew\u00e4hrleisten.<\/li>\n<li>Barrierefreiheit und Mehrsprachigkeit bieten, um eine breite Nutzerbasis zu erreichen.<\/li>\n<li>Interaktive und benutzerfreundliche Funktionen integrieren, um Engagement und Lernfortschritte zu f\u00f6rdern.<\/li>\n<\/ul>\n<div class=\"callout\">\n    An dieser Stelle stellt <a href=\"https:\/\/retardio.de\">retardio.de<\/a> ein Beispiel f\u00fcr eine digitale Plattform dar, die sich durch Fachkompetenz, Nutzerorientierung und evidenzbasierte Inhalte auszeichnet. Durch seine multimedialen Angebote und das Fachnetzwerk bietet retardio.de Menschen mit Sprachentwicklungsst\u00f6rungen und deren Bezugspersonen eine verl\u00e4ssliche Anlaufstelle.<\/div>\n<\/div>\n<h2>Der Blick nach vorn: Integration und Ethical Considerations<\/h2>\n<div class=\"section\">\n<p>Der erfolgreiche Einsatz digitaler Ressourcen in der Sprachtherapie h\u00e4ngt stark von der Integration in bestehende Versorgungskonzepte ab. Interdisziplin\u00e4re Zusammenarbeit, Evidenzbasierung und kontinuierliche Nutzerfeedbacks sind hierbei essenziell. Zudem gilt es, ethische Fragen im Umgang mit sensiblen Daten, Zug\u00e4nglichkeit f\u00fcr alle Bev\u00f6lkerungsgruppen und die Unterst\u00fctzung autonomen Lernens gleicherma\u00dfen zu ber\u00fccksichtigen.<\/p>\n<p>Technologische Innovationen d\u00fcrfen niemals die pers\u00f6nliche Verbindung zwischen Therapeut und Klient ersetzen, sondern sollten diese erg\u00e4nzen, um individuelle Bed\u00fcrfnisse bestm\u00f6glich zu erf\u00fcllen.<\/p>\n<\/div>\n<h2>Fazit: Digital unterst\u00fctzte Wege zur besseren Sprachf\u00f6rderung<\/h2>\n<div class=\"section\">\n<p>Die Digitalisierung bietet eine bedeutende Chance, die Versorgung von Menschen mit verbalen Entwicklungsst\u00f6rungen nachhaltig zu verbessern. Plattformen wie <a href=\"https:\/\/retardio.de\">retardio.de<\/a> zeigen, wie Fachkompetenz, innovative Technologien und Nutzerzentrierung Hand in Hand gehen k\u00f6nnen, um Barrieren abzubauen und individuelle Entwicklung zu f\u00f6rdern.<\/p>\n<p>Als Experten in diesem Bereich sollten wir nicht nur die technischen Potenziale erkennen, sondern auch die ethischen und sozialen Implikationen stets im Blick behalten \u2013 f\u00fcr eine inklusive und wirksame Unterst\u00fctzung aller Betroffenen.<\/p>\n<\/div>\n","protected":false},"excerpt":{"rendered":"<p>Im Zeitalter der Digitalisierung ver\u00e4ndert sich die Art und Weise, wie medizinische, therapeutische und p\u00e4dagogische Dienstleistungen erbracht werden. Besonders im Bereich der Unterst\u00fctzung von Menschen mit sprachlichen Entwicklungsst\u00f6rungen, wie beispielsweise der verbalen Entwicklungsst\u00f6rung (VEDS), er\u00f6ffnet die digitale Sph\u00e4re neue Perspektiven. Diese Innovationen tragen wesentlich dazu bei, Barrieren zu \u00fcberwinden, individuelle Therapieans\u00e4tze zu verbessern und umfassende&hellip;&nbsp;<a href=\"https:\/\/weballiance.transport-manager.net\/kegrolis\/2025\/09\/02\/digitale-innovationen-in-der-unterstutzung-von-menschen-mit-sprachentwicklungsstorungen\/\" rel=\"bookmark\">Lire la suite &raquo;<span class=\"screen-reader-text\">Digitale Innovationen in der Unterst\u00fctzung von Menschen mit Sprachentwicklungsst\u00f6rungen<\/span><\/a><\/p>\n","protected":false},"author":4,"featured_media":0,"comment_status":"open","ping_status":"open","sticky":false,"template":"","format":"standard","meta":{"neve_meta_sidebar":"","neve_meta_container":"","neve_meta_enable_content_width":"","neve_meta_content_width":0,"neve_meta_title_alignment":"","neve_meta_author_avatar":"","neve_post_elements_order":"","neve_meta_disable_header":"","neve_meta_disable_footer":"","neve_meta_disable_title":"","footnotes":""},"categories":[1],"tags":[],"class_list":["post-6663","post","type-post","status-publish","format-standard","hentry","category-non-classe"],"_links":{"self":[{"href":"https:\/\/weballiance.transport-manager.net\/kegrolis\/wp-json\/wp\/v2\/posts\/6663","targetHints":{"allow":["GET"]}}],"collection":[{"href":"https:\/\/weballiance.transport-manager.net\/kegrolis\/wp-json\/wp\/v2\/posts"}],"about":[{"href":"https:\/\/weballiance.transport-manager.net\/kegrolis\/wp-json\/wp\/v2\/types\/post"}],"author":[{"embeddable":true,"href":"https:\/\/weballiance.transport-manager.net\/kegrolis\/wp-json\/wp\/v2\/users\/4"}],"replies":[{"embeddable":true,"href":"https:\/\/weballiance.transport-manager.net\/kegrolis\/wp-json\/wp\/v2\/comments?post=6663"}],"version-history":[{"count":0,"href":"https:\/\/weballiance.transport-manager.net\/kegrolis\/wp-json\/wp\/v2\/posts\/6663\/revisions"}],"wp:attachment":[{"href":"https:\/\/weballiance.transport-manager.net\/kegrolis\/wp-json\/wp\/v2\/media?parent=6663"}],"wp:term":[{"taxonomy":"category","embeddable":true,"href":"https:\/\/weballiance.transport-manager.net\/kegrolis\/wp-json\/wp\/v2\/categories?post=6663"},{"taxonomy":"post_tag","embeddable":true,"href":"https:\/\/weballiance.transport-manager.net\/kegrolis\/wp-json\/wp\/v2\/tags?post=6663"}],"curies":[{"name":"wp","href":"https:\/\/api.w.org\/{rel}","templated":true}]}}